{"id":3570,"date":"2025-06-22T20:14:48","date_gmt":"2025-06-22T20:14:48","guid":{"rendered":"https:\/\/terrasuleditora.com.br\/novo\/?p=3570"},"modified":"2025-06-22T20:15:10","modified_gmt":"2025-06-22T20:15:10","slug":"a-importancia-da-numeracia-matematica-nos-anos-iniciais-do-ensino-fundamental","status":"publish","type":"post","link":"https:\/\/terrasuleditora.com.br\/novo\/a-importancia-da-numeracia-matematica-nos-anos-iniciais-do-ensino-fundamental\/","title":{"rendered":"A import\u00e2ncia da numeracia matem\u00e1tica nos anos iniciais do Ensino Fundamental"},"content":{"rendered":"\n<p>Equipe Editorial<\/p>\n\n\n\n<p>O t\u00edtulo faz uma alerta sobre a import\u00e2ncia da numeracia matem\u00e1tica no Ensino Fundamental. Mas para que possamos dar a real import\u00e2ncia para esse fato precisamos antes entender o que vem a ser&nbsp;<strong>numeracia matem\u00e1tica<\/strong>.<\/p>\n\n\n\n<p>A Pol\u00edtica Nacional de Alfabetiza\u00e7\u00e3o (PNA) estabelece a numeracia como a habilidade de aplicar o conhecimento dos n\u00fameros e suas rela\u00e7\u00f5es aos usos pr\u00e1ticos do dia a dia, em diferentes situa\u00e7\u00f5es comunicativas.<\/p>\n\n\n\n<p>Para que isso ocorra, alguns aspectos se destacam, como:<\/p>\n\n\n\n<ul class=\"wp-block-list\">\n<li>a consci\u00eancia num\u00e9rica, que \u00e9 a habilidade entender o que os n\u00fameros significam no dia a dia;<\/li>\n\n\n\n<li>a linguagem matem\u00e1tica, a habilidade de compreender os s\u00edmbolos utilizados no universo matem\u00e1tico;<\/li>\n\n\n\n<li>as fun\u00e7\u00f5es executivas, habilidade de organizar, planejar e decidir cognitivamente a\u00e7\u00f5es envolvendo racioc\u00ednio matem\u00e1tico;<\/li>\n\n\n\n<li>e a espacialidade, desenvolver no\u00e7\u00f5es de tempo, espa\u00e7o e posi\u00e7\u00f5es.<\/li>\n<\/ul>\n\n\n\n<p>O dom\u00ednio de conceitos matem\u00e1ticos \u00e9 de suma import\u00e2ncia para todas as fases da vida das pessoas, desempenhando um papel fundamental em diversas situa\u00e7\u00f5es do cotidiano.<\/p>\n\n\n\n<p>Nos anos iniciais do Ensino Fundamental, desenvolver a numeracia matem\u00e1tica (antiga alfabetiza\u00e7\u00e3o ou letramento matem\u00e1tico) \u00e9 essencial para fornecer \u00e0s crian\u00e7as uma base s\u00f3lida para o aprendizado futuro. \u00c9 nessa fase da educa\u00e7\u00e3o que as habilidades num\u00e9ricas s\u00e3o cultivadas, permitindo que as crian\u00e7as compreendam e apliquem conceitos matem\u00e1ticos b\u00e1sicos, desenvolvam o pensamento l\u00f3gico, melhorem a capacidade de resolver problemas e adquiram confian\u00e7a na manipula\u00e7\u00e3o de n\u00fameros.<\/p>\n\n\n\n<p>Ao introduzir situa\u00e7\u00f5es-problema desde cedo, as crian\u00e7as aprendem a abordar desafios de forma estruturada, a aplicar conceitos e a desenvolver habilidades de pensamento cr\u00edtico. Tamb\u00e9m pode ser estendida para al\u00e9m da Matem\u00e1tica tornando o aluno um ser pensante e resolvedor de problemas do dia a dia. J\u00e1 quando os alunos se deparam com conceitos matem\u00e1ticos b\u00e1sicos, como contagem, sequ\u00eancias num\u00e9ricas e opera\u00e7\u00f5es elementares, exercitam o racioc\u00ednio l\u00f3gico, a capacidade de an\u00e1lise e a tomada de decis\u00f5es fundamentais.<\/p>\n\n\n\n<p>Acreditamos que investir na numeracia matem\u00e1tica nos anos iniciais \u00e9 investir no futuro dos estudantes, preparando-os para enfrentar os diversos desafios que podem surgir em todas as fases de ensino e desenvolver habilidades essenciais para o sucesso em suas vidas pessoais e profissionais.<\/p>\n\n\n\n<p><\/p>\n","protected":false},"excerpt":{"rendered":"<p>Equipe Editorial O t\u00edtulo faz uma alerta sobre a import\u00e2ncia da numeracia matem\u00e1tica no Ensino Fundamental. Mas para que possamos dar a real import\u00e2ncia para esse fato precisamos antes entender o que vem a ser&nbsp;numeracia matem\u00e1tica. A Pol\u00edtica Nacional de Alfabetiza\u00e7\u00e3o (PNA) estabelece a numeracia como a habilidade de aplicar o conhecimento dos n\u00fameros e [&hellip;]<\/p>\n","protected":false},"author":1,"featured_media":3487,"comment_status":"open","ping_status":"open","sticky":false,"template":"","format":"standard","meta":{"footnotes":""},"categories":[1],"tags":[],"class_list":["post-3570","post","type-post","status-publish","format-standard","has-post-thumbnail","hentry","category-uncategorized"],"_links":{"self":[{"href":"https:\/\/terrasuleditora.com.br\/novo\/wp-json\/wp\/v2\/posts\/3570","targetHints":{"allow":["GET"]}}],"collection":[{"href":"https:\/\/terrasuleditora.com.br\/novo\/wp-json\/wp\/v2\/posts"}],"about":[{"href":"https:\/\/terrasuleditora.com.br\/novo\/wp-json\/wp\/v2\/types\/post"}],"author":[{"embeddable":true,"href":"https:\/\/terrasuleditora.com.br\/novo\/wp-json\/wp\/v2\/users\/1"}],"replies":[{"embeddable":true,"href":"https:\/\/terrasuleditora.com.br\/novo\/wp-json\/wp\/v2\/comments?post=3570"}],"version-history":[{"count":2,"href":"https:\/\/terrasuleditora.com.br\/novo\/wp-json\/wp\/v2\/posts\/3570\/revisions"}],"predecessor-version":[{"id":3572,"href":"https:\/\/terrasuleditora.com.br\/novo\/wp-json\/wp\/v2\/posts\/3570\/revisions\/3572"}],"wp:featuredmedia":[{"embeddable":true,"href":"https:\/\/terrasuleditora.com.br\/novo\/wp-json\/wp\/v2\/media\/3487"}],"wp:attachment":[{"href":"https:\/\/terrasuleditora.com.br\/novo\/wp-json\/wp\/v2\/media?parent=3570"}],"wp:term":[{"taxonomy":"category","embeddable":true,"href":"https:\/\/terrasuleditora.com.br\/novo\/wp-json\/wp\/v2\/categories?post=3570"},{"taxonomy":"post_tag","embeddable":true,"href":"https:\/\/terrasuleditora.com.br\/novo\/wp-json\/wp\/v2\/tags?post=3570"}],"curies":[{"name":"wp","href":"https:\/\/api.w.org\/{rel}","templated":true}]}}